[{"@context":"https:\/\/schema.org\/","@type":"Article","@id":"https:\/\/www.kushitani.cz\/dohodnete-se-stehovaci-firmou-vhodny-termin\/#Article","mainEntityOfPage":"https:\/\/www.kushitani.cz\/dohodnete-se-stehovaci-firmou-vhodny-termin\/","headline":"Dohodn\u011bte se st\u011bhovac\u00ed firmou vhodn\u00fd term\u00edn","name":"Dohodn\u011bte se st\u011bhovac\u00ed firmou vhodn\u00fd term\u00edn","description":"Co si p\u0159edstavujete jako vhodn\u00fd term\u00edn pro st\u011bhov\u00e1n\u00ed? V\u00edkend nebo p\u00e1tek? Mo\u017en\u00e1, \u017ee to skute\u010dn\u011b prob\u011bhne v poklidu pr\u00e1v\u011b o v\u00edkendu, ale m\u00e1me pro v\u00e1s tip na jin\u00e9 \u0159e\u0161en\u00ed, kter\u00e9 je mo\u017en\u00e1 je\u0161t\u011b poklidn\u011bj\u0161\u00ed. \u010c\u00edm v\u00edce je toti\u017e kolem v\u00e1s klidu a pohody, a \u010d\u00edm m\u00e9n\u011b chaosu v\u00e1s obklopuje, t\u00edm l\u00e9pe se bude pracovat i [&hellip;]","datePublished":"2022-06-11","dateModified":"2023-06-09","author":{"@type":"Person","@id":"https:\/\/www.kushitani.cz\/author\/devene\/#Person","name":"devene","url":"https:\/\/www.kushitani.cz\/author\/devene\/","identifier":1,"image":{"@type":"ImageObject","@id":"https:\/\/secure.gravatar.com\/avatar\/7b7a3ac09da7f6a75c5f1ebec5be454c22943a51b9f5595d89318ef09bd44dd1?s=96&d=mm&r=g","url":"https:\/\/secure.gravatar.com\/avatar\/7b7a3ac09da7f6a75c5f1ebec5be454c22943a51b9f5595d89318ef09bd44dd1?s=96&d=mm&r=g","height":96,"width":96}},"publisher":{"@type":"Organization","name":"kushitani.cz","logo":{"@type":"ImageObject","@id":"\/logo.png","url":"\/logo.png","width":600,"height":60}},"image":{"@type":"ImageObject","@id":"https:\/\/www.kushitani.cz\/wp-content\/uploads\/hd-wallpaper-3540891_640.jpg","url":"https:\/\/www.kushitani.cz\/wp-content\/uploads\/hd-wallpaper-3540891_640.jpg","height":0,"width":0},"url":"https:\/\/www.kushitani.cz\/dohodnete-se-stehovaci-firmou-vhodny-termin\/","about":["Firmy"],"wordCount":431,"articleBody":"   Co si p\u0159edstavujete jako vhodn\u00fd term\u00edn pro st\u011bhov\u00e1n\u00ed? V\u00edkend nebo p\u00e1tek? Mo\u017en\u00e1, \u017ee to skute\u010dn\u011b prob\u011bhne v poklidu pr\u00e1v\u011b o v\u00edkendu, ale m\u00e1me pro v\u00e1s tip na jin\u00e9 \u0159e\u0161en\u00ed, kter\u00e9 je mo\u017en\u00e1 je\u0161t\u011b poklidn\u011bj\u0161\u00ed. \u010c\u00edm v\u00edce je toti\u017e kolem v\u00e1s klidu a pohody, a \u010d\u00edm m\u00e9n\u011b chaosu v\u00e1s obklopuje, t\u00edm l\u00e9pe se bude pracovat i st\u011bhovac\u00ed firm\u011b, a t\u00edm m\u00e9n\u011b v\u00e1m to v\u0161em sebere energie. St\u011bhov\u00e1n\u00ed pak m\u016f\u017ee prob\u011bhnout rychleji a ve fin\u00e1le i levn\u011bji. Z\u00e1rove\u0148 v\u00e1m zbude v\u00edce \u010dasu i sil na vybalov\u00e1n\u00ed v\u011bc\u00ed a z\u00fatul\u0148ov\u00e1n\u00ed prost\u0159ed\u00ed, kde se pohybujete.Napl\u00e1nujte to na st\u0159edu \u2013 pokud pomineme sm\u011bnn\u00e9 provozy, v\u011bt\u0161ina lid\u00ed v produktivn\u00edm v\u011bku pracuje od pond\u011bl\u00ed do p\u00e1tku. Projevuje se to i na psychick\u00e9m rozpolo\u017een\u00ed, kter\u00e9 se den ode dne od sebe li\u0161\u00ed. V pond\u011bl\u00ed a v \u00fater\u00fd je p\u0159ed n\u00e1mi dlouh\u00fd pracovn\u00ed t\u00fdden a to m\u00e1 ur\u010dit\u00fd vliv na celkov\u00e9 vn\u00edm\u00e1n\u00ed psychick\u00e9 pohody, a jakmile se t\u00fdden p\u0159ehoupne do st\u0159edy a \u010dtvrtka, to v\u011bdom\u00ed, \u017ee je p\u0159ed n\u00e1mi u\u017e jen p\u00e1tek a pak voln\u00e9 dva dny, d\u011bl\u00e1 s lidskou psychikou doslova z\u00e1zraky. St\u011bhov\u00e1n\u00ed v Praze ve st\u0159edu je i pro st\u011bhovac\u00ed firmu pocitov\u011b p\u0159\u00edjemn\u011bj\u0161\u00ed, ne\u017e pond\u011bl\u00ed r\u00e1no po dvou dnech volna, a pokud si vezmeme ve \u010dtvrtek a v p\u00e1tek dovolenou, bude to proces je\u0161t\u011b snaz\u0161\u00ed a pohodov\u011bj\u0161\u00ed.St\u011bhov\u00e1n\u00ed v neobvyklou hodinu \u2013 nejv\u011bt\u0161\u00ed chaos ve m\u011bstech a obecn\u011b na frekventovan\u011bj\u0161\u00edch silnic\u00edch je v\u017edy v dopoledn\u00edch hodin\u00e1ch. Odpoledne za\u010d\u00edn\u00e1 sl\u00e1bnout automobilov\u00fd provoz a t\u00e9m\u011b\u0159 zcela utich\u00e1 po setm\u011bn\u00ed, resp. v no\u010dn\u00edch hodin\u00e1ch mezi p\u016flnoc\u00ed a p\u00e1tou hodinou rann\u00ed. Bude-li ochotna st\u011bhovac\u00ed firma p\u0159istoupit na no\u010dn\u00ed akci, vyu\u017eijte toho, proto\u017ee v t\u00e9to dob\u011b je kolem n\u00e1s t\u00e9m\u011b\u0159 absolutn\u00ed klid. Sp\u00edc\u00ed lid\u00e9 toti\u017e neprodukuj\u00ed sv\u00e9 leckdy hloup\u00e9 n\u00e1pady, t\u00edm p\u00e1dem n\u00e1m nevstupuj\u00ed do cesty a nemohou tak\u00e9 nijak negativn\u011b ovlivnit st\u011bhovac\u00ed proces. No\u010dn\u00ed st\u011bhov\u00e1n\u00ed je tak\u00e9 v\u00fdrazn\u011b rychlej\u0161\u00ed d\u00edky minim\u00e1ln\u00edmu provozu na silnic\u00edch, kter\u00fd nevytv\u00e1\u0159\u00ed \u017e\u00e1dn\u00e9 kolony a z\u00e1cpy.                                                                                                                                                                                                                                                                                                                                                                                                  "},{"@context":"https:\/\/schema.org\/","@type":"BreadcrumbList","itemListElement":[{"@type":"ListItem","position":1,"name":"Dohodn\u011bte se st\u011bhovac\u00ed firmou vhodn\u00fd term\u00edn","item":"https:\/\/www.kushitani.cz\/dohodnete-se-stehovaci-firmou-vhodny-termin\/#breadcrumbitem"}]}]